{"id":1318,"date":"2021-11-08T14:03:40","date_gmt":"2021-11-08T14:03:40","guid":{"rendered":"https:\/\/innotub.eu\/?p=1318"},"modified":"2022-01-13T14:57:17","modified_gmt":"2022-01-13T14:57:17","slug":"quines-son-les-possibles-vies-de-transmissio-de-micobacteris-entre-la-fauna-silvestre-i-el-bestiar-bovi-del-pais-basc","status":"publish","type":"post","link":"https:\/\/innotub.eu\/ca\/quines-son-les-possibles-vies-de-transmissio-de-micobacteris-entre-la-fauna-silvestre-i-el-bestiar-bovi-del-pais-basc\/","title":{"rendered":"Quines s\u00f3n les possibles vies de transmissi\u00f3 de micobacteris entre la fauna silvestre i el bestiar bov\u00ed del Pa\u00eds Basc?"},"content":{"rendered":"\n<p>Els micobacteris s\u00f3n els bacteris causants de dues malalties d'especial rellev\u00e0ncia en sanitat animal com s\u00f3n la tuberculosi i la paratuberculosi. En el cas de la tuberculosi hi ha programes oficials dirigits a eradicar aquesta malaltia en bestiar bov\u00ed i cabrum. Tot i aix\u00f2, la interacci\u00f3 existent entre la fauna silvestre i el bestiar pot comprometre l'\u00e8xit d'aquests programes tant per la transmissi\u00f3 dels micobacteris causants de la tuberculosi com d'altres micobacteris no tuberculos que poden generar interfer\u00e8ncies en el diagn\u00f2stic de la tuberculosi.<\/p>\n\n\n\n<p>En un estudi liderat per <a href=\"https:\/\/neiker.eus\/es\/\">NEIKER<\/a>, publicat recentment a la revista <em><a href=\"https:\/\/www.mdpi.com\/2076-2615\/11\/8\/2364\/htm\">Animals<\/a><\/em>, es van col\u00b7locar c\u00e0meres de fototrampeig durant un any a 67 localitzacions de tres explotacions del Pa\u00eds Basc amb historial previ de <em>Mycobacterium bovis <\/em>o micobacteris no tuberculoses, i les dades dels v\u00eddeos obtinguts van ser utilitzades per modelitzar les visites de sis esp\u00e8cies silvestres a aquestes granges. En total es van registrar 1293 visites de fauna silvestre, succeint el 85% de les mateixes durant la nit i sent la guineu l'esp\u00e8cie qu\u00e8 va visitar m\u00e9s freq\u00fcentment les granges. Les interaccions directes van ser pr\u00e0cticament anecd\u00f2tiques (2%) comparades amb les indirectes (98%). Tamb\u00e9 cal destacar que les pastures del bestiar van ser el lloc m\u00e9s propici per a la interacci\u00f3 entre la fauna silvestre i les vaques, per\u00f2 sobre la base dels resultats obtinguts la transmissi\u00f3 dels micobacteris es duria a terme principalment de forma indirecta. Les latrines de teix\u00f3 podrien representar punts d'agregaci\u00f3 per al teix\u00f3, el porc senglar i la guineu i per tant, d'exposici\u00f3 a micobacteris entre aquestes tres esp\u00e8cies i el bestiar bov\u00ed.<\/p>\n\n\n\n<figure class=\"wp-block-embed-youtube wp-block-embed is-type-video is-provider-youtube wp-embed-aspect-4-3 wp-has-aspect-ratio\"><div class=\"wp-block-embed__wrapper\">\n<iframe loading=\"lazy\" title=\"Interacci\u00f3n nocturna de tej\u00f3n (fauna silvestre) y vaca (ganado dom\u00e9stico)\" width=\"500\" height=\"375\" src=\"https:\/\/www.youtube.com\/embed\/SK5q3lge4nM?feature=oembed\" frameborder=\"0\" allow=\"accelerometer; autoplay; clipboard-write; encrypted-media; gyroscope; picture-in-picture; web-share\" referrerpolicy=\"strict-origin-when-cross-origin\" allowfullscreen><\/iframe>\n<\/div><\/figure>\n\n\n\n<p>Segons la informaci\u00f3 epidemiol\u00f2gica pr\u00e8via i els patrons d'interacci\u00f3 observats, els senglars, els teixons, les guineus i els petits rosegadors s\u00f3n l'esp\u00e8cie o el grup m\u00e9s freq\u00fcentment en contacte amb el bestiar bov\u00ed i, per tant, poden ser els m\u00e9s implicats en l'epidemiologia de les micobacteriosis en la interf\u00edcie fauna silvestre-explotacions ramaderes en aquesta \u00e0rea.<\/p>\n","protected":false},"excerpt":{"rendered":"<p>Els micobacteris s\u00f3n els bacteris causants de dues malalties d'especial rellev\u00e0ncia en...<\/p>\n","protected":false},"author":4,"featured_media":1320,"comment_status":"open","ping_status":"open","sticky":false,"template":"","format":"standard","meta":{"footnotes":""},"categories":[4],"tags":[151,110,150,69],"class_list":["post-1318","post","type-post","status-publish","format-standard","has-post-thumbnail","hentry","category-recerca","tag-epidemiologia","tag-fauna-silvestre","tag-micobacteris","tag-tuberculosi-bovina"],"yoast_head":"<!-- This site is optimized with the Yoast SEO plugin v27.5 - https:\/\/yoast.com\/product\/yoast-seo-wordpress\/ -->\n<title>Quines s\u00f3n les possibles vies de transmissi\u00f3 de micobacteris entre la fauna silvestre i el bestiar bov\u00ed del Pa\u00eds Basc? &#187; Innotub<\/title>\n<meta name=\"robots\" content=\"index, follow, max-snippet:-1, max-image-preview:large, max-video-preview:-1\" \/>\n<link rel=\"canonical\" href=\"https:\/\/innotub.eu\/ca\/quines-son-les-possibles-vies-de-transmissio-de-micobacteris-entre-la-fauna-silvestre-i-el-bestiar-bovi-del-pais-basc\/\" \/>\n<meta property=\"og:locale\" content=\"ca_ES\" \/>\n<meta property=\"og:type\" content=\"article\" \/>\n<meta property=\"og:title\" content=\"Quines s\u00f3n les possibles vies de transmissi\u00f3 de micobacteris entre la fauna silvestre i el bestiar bov\u00ed del Pa\u00eds Basc? &#187; Innotub\" \/>\n<meta property=\"og:description\" content=\"Els micobacteris s\u00f3n els bacteris causants de dues malalties d&#039;especial rellev\u00e0ncia en...\" \/>\n<meta property=\"og:url\" content=\"https:\/\/innotub.eu\/ca\/quines-son-les-possibles-vies-de-transmissio-de-micobacteris-entre-la-fauna-silvestre-i-el-bestiar-bovi-del-pais-basc\/\" \/>\n<meta property=\"og:site_name\" content=\"Innotub\" \/>\n<meta property=\"article:published_time\" content=\"2021-11-08T14:03:40+00:00\" \/>\n<meta property=\"article:modified_time\" content=\"2022-01-13T14:57:17+00:00\" \/>\n<meta property=\"og:image\" content=\"https:\/\/innotub.eu\/wp-content\/uploads\/2021\/11\/tejon-e1636380420121.jpg\" \/>\n\t<meta property=\"og:image:width\" content=\"1070\" \/>\n\t<meta property=\"og:image:height\" content=\"681\" \/>\n\t<meta property=\"og:image:type\" content=\"image\/jpeg\" \/>\n<meta name=\"author\" content=\"Innotub\" \/>\n<meta name=\"twitter:card\" content=\"summary_large_image\" \/>\n<meta name=\"twitter:creator\" content=\"@innotub\" \/>\n<meta name=\"twitter:site\" content=\"@innotub\" \/>\n<meta name=\"twitter:label1\" content=\"Escrit per\" \/>\n\t<meta name=\"twitter:data1\" content=\"Innotub\" \/>\n\t<meta name=\"twitter:label2\" content=\"Temps estimat de lectura\" \/>\n\t<meta name=\"twitter:data2\" content=\"2 minuts\" \/>\n<script type=\"application\/ld+json\" class=\"yoast-schema-graph\">{\"@context\":\"https:\\\/\\\/schema.org\",\"@graph\":[{\"@type\":\"Article\",\"@id\":\"https:\\\/\\\/innotub.eu\\\/ca\\\/quines-son-les-possibles-vies-de-transmissio-de-micobacteris-entre-la-fauna-silvestre-i-el-bestiar-bovi-del-pais-basc\\\/#article\",\"isPartOf\":{\"@id\":\"https:\\\/\\\/innotub.eu\\\/ca\\\/quines-son-les-possibles-vies-de-transmissio-de-micobacteris-entre-la-fauna-silvestre-i-el-bestiar-bovi-del-pais-basc\\\/\"},\"author\":{\"name\":\"Innotub\",\"@id\":\"https:\\\/\\\/innotub.eu\\\/ca\\\/#\\\/schema\\\/person\\\/9a831378d34771b4070b071f2fbf3f81\"},\"headline\":\"Quines s\u00f3n les possibles vies de transmissi\u00f3 de micobacteris entre la fauna silvestre i el bestiar bov\u00ed del Pa\u00eds Basc?\",\"datePublished\":\"2021-11-08T14:03:40+00:00\",\"dateModified\":\"2022-01-13T14:57:17+00:00\",\"mainEntityOfPage\":{\"@id\":\"https:\\\/\\\/innotub.eu\\\/ca\\\/quines-son-les-possibles-vies-de-transmissio-de-micobacteris-entre-la-fauna-silvestre-i-el-bestiar-bovi-del-pais-basc\\\/\"},\"wordCount\":368,\"commentCount\":0,\"publisher\":{\"@id\":\"https:\\\/\\\/innotub.eu\\\/ca\\\/#organization\"},\"image\":{\"@id\":\"https:\\\/\\\/innotub.eu\\\/ca\\\/quines-son-les-possibles-vies-de-transmissio-de-micobacteris-entre-la-fauna-silvestre-i-el-bestiar-bovi-del-pais-basc\\\/#primaryimage\"},\"thumbnailUrl\":\"https:\\\/\\\/innotub.eu\\\/wp-content\\\/uploads\\\/2021\\\/11\\\/tejon-e1636380420121.jpg\",\"keywords\":[\"epidemiologia\",\"fauna silvestre\",\"micobacteris\",\"Tuberculosi bovina\"],\"articleSection\":[\"RECERCA\"],\"inLanguage\":\"ca\",\"potentialAction\":[{\"@type\":\"CommentAction\",\"name\":\"Comment\",\"target\":[\"https:\\\/\\\/innotub.eu\\\/ca\\\/quines-son-les-possibles-vies-de-transmissio-de-micobacteris-entre-la-fauna-silvestre-i-el-bestiar-bovi-del-pais-basc\\\/#respond\"]}]},{\"@type\":\"WebPage\",\"@id\":\"https:\\\/\\\/innotub.eu\\\/ca\\\/quines-son-les-possibles-vies-de-transmissio-de-micobacteris-entre-la-fauna-silvestre-i-el-bestiar-bovi-del-pais-basc\\\/\",\"url\":\"https:\\\/\\\/innotub.eu\\\/ca\\\/quines-son-les-possibles-vies-de-transmissio-de-micobacteris-entre-la-fauna-silvestre-i-el-bestiar-bovi-del-pais-basc\\\/\",\"name\":\"Quines s\u00f3n les possibles vies de transmissi\u00f3 de micobacteris entre la fauna silvestre i el bestiar bov\u00ed del Pa\u00eds Basc? &#187; Innotub\",\"isPartOf\":{\"@id\":\"https:\\\/\\\/innotub.eu\\\/ca\\\/#website\"},\"primaryImageOfPage\":{\"@id\":\"https:\\\/\\\/innotub.eu\\\/ca\\\/quines-son-les-possibles-vies-de-transmissio-de-micobacteris-entre-la-fauna-silvestre-i-el-bestiar-bovi-del-pais-basc\\\/#primaryimage\"},\"image\":{\"@id\":\"https:\\\/\\\/innotub.eu\\\/ca\\\/quines-son-les-possibles-vies-de-transmissio-de-micobacteris-entre-la-fauna-silvestre-i-el-bestiar-bovi-del-pais-basc\\\/#primaryimage\"},\"thumbnailUrl\":\"https:\\\/\\\/innotub.eu\\\/wp-content\\\/uploads\\\/2021\\\/11\\\/tejon-e1636380420121.jpg\",\"datePublished\":\"2021-11-08T14:03:40+00:00\",\"dateModified\":\"2022-01-13T14:57:17+00:00\",\"breadcrumb\":{\"@id\":\"https:\\\/\\\/innotub.eu\\\/ca\\\/quines-son-les-possibles-vies-de-transmissio-de-micobacteris-entre-la-fauna-silvestre-i-el-bestiar-bovi-del-pais-basc\\\/#breadcrumb\"},\"inLanguage\":\"ca\",\"potentialAction\":[{\"@type\":\"ReadAction\",\"target\":[\"https:\\\/\\\/innotub.eu\\\/ca\\\/quines-son-les-possibles-vies-de-transmissio-de-micobacteris-entre-la-fauna-silvestre-i-el-bestiar-bovi-del-pais-basc\\\/\"]}]},{\"@type\":\"ImageObject\",\"inLanguage\":\"ca\",\"@id\":\"https:\\\/\\\/innotub.eu\\\/ca\\\/quines-son-les-possibles-vies-de-transmissio-de-micobacteris-entre-la-fauna-silvestre-i-el-bestiar-bovi-del-pais-basc\\\/#primaryimage\",\"url\":\"https:\\\/\\\/innotub.eu\\\/wp-content\\\/uploads\\\/2021\\\/11\\\/tejon-e1636380420121.jpg\",\"contentUrl\":\"https:\\\/\\\/innotub.eu\\\/wp-content\\\/uploads\\\/2021\\\/11\\\/tejon-e1636380420121.jpg\",\"width\":1070,\"height\":681},{\"@type\":\"BreadcrumbList\",\"@id\":\"https:\\\/\\\/innotub.eu\\\/ca\\\/quines-son-les-possibles-vies-de-transmissio-de-micobacteris-entre-la-fauna-silvestre-i-el-bestiar-bovi-del-pais-basc\\\/#breadcrumb\",\"itemListElement\":[{\"@type\":\"ListItem\",\"position\":1,\"name\":\"Inici\",\"item\":\"https:\\\/\\\/innotub.eu\\\/ca\\\/\"},{\"@type\":\"ListItem\",\"position\":2,\"name\":\"Quines s\u00f3n les possibles vies de transmissi\u00f3 de micobacteris entre la fauna silvestre i el bestiar bov\u00ed del Pa\u00eds Basc?\"}]},{\"@type\":\"WebSite\",\"@id\":\"https:\\\/\\\/innotub.eu\\\/ca\\\/#website\",\"url\":\"https:\\\/\\\/innotub.eu\\\/ca\\\/\",\"name\":\"Innotub\",\"description\":\"Crear una xarxa cient\u00edfica d&#039;excel\u00b7l\u00e8ncia\",\"publisher\":{\"@id\":\"https:\\\/\\\/innotub.eu\\\/ca\\\/#organization\"},\"potentialAction\":[{\"@type\":\"SearchAction\",\"target\":{\"@type\":\"EntryPoint\",\"urlTemplate\":\"https:\\\/\\\/innotub.eu\\\/ca\\\/?s={search_term_string}\"},\"query-input\":{\"@type\":\"PropertyValueSpecification\",\"valueRequired\":true,\"valueName\":\"search_term_string\"}}],\"inLanguage\":\"ca\"},{\"@type\":\"Organization\",\"@id\":\"https:\\\/\\\/innotub.eu\\\/ca\\\/#organization\",\"name\":\"Innotub\",\"url\":\"https:\\\/\\\/innotub.eu\\\/ca\\\/\",\"logo\":{\"@type\":\"ImageObject\",\"inLanguage\":\"ca\",\"@id\":\"https:\\\/\\\/innotub.eu\\\/ca\\\/#\\\/schema\\\/logo\\\/image\\\/\",\"url\":\"https:\\\/\\\/innotub.eu\\\/wp-content\\\/uploads\\\/2020\\\/08\\\/innotub-logo-COLOR.png\",\"contentUrl\":\"https:\\\/\\\/innotub.eu\\\/wp-content\\\/uploads\\\/2020\\\/08\\\/innotub-logo-COLOR.png\",\"width\":7453,\"height\":1672,\"caption\":\"Innotub\"},\"image\":{\"@id\":\"https:\\\/\\\/innotub.eu\\\/ca\\\/#\\\/schema\\\/logo\\\/image\\\/\"},\"sameAs\":[\"https:\\\/\\\/x.com\\\/innotub\"]},{\"@type\":\"Person\",\"@id\":\"https:\\\/\\\/innotub.eu\\\/ca\\\/#\\\/schema\\\/person\\\/9a831378d34771b4070b071f2fbf3f81\",\"name\":\"Innotub\",\"image\":{\"@type\":\"ImageObject\",\"inLanguage\":\"ca\",\"@id\":\"https:\\\/\\\/secure.gravatar.com\\\/avatar\\\/2d7ea506878ae149be092b9d9c0b8be475d27402e23b1fb189892b188b8ef2f6?s=96&d=mm&r=g\",\"url\":\"https:\\\/\\\/secure.gravatar.com\\\/avatar\\\/2d7ea506878ae149be092b9d9c0b8be475d27402e23b1fb189892b188b8ef2f6?s=96&d=mm&r=g\",\"contentUrl\":\"https:\\\/\\\/secure.gravatar.com\\\/avatar\\\/2d7ea506878ae149be092b9d9c0b8be475d27402e23b1fb189892b188b8ef2f6?s=96&d=mm&r=g\",\"caption\":\"Innotub\"}}]}<\/script>\n<!-- \/ Yoast SEO plugin. -->","yoast_head_json":{"title":"Quines s\u00f3n les possibles vies de transmissi\u00f3 de micobacteris entre la fauna silvestre i el bestiar bov\u00ed del Pa\u00eds Basc? &#187; Innotub","robots":{"index":"index","follow":"follow","max-snippet":"max-snippet:-1","max-image-preview":"max-image-preview:large","max-video-preview":"max-video-preview:-1"},"canonical":"https:\/\/innotub.eu\/ca\/quines-son-les-possibles-vies-de-transmissio-de-micobacteris-entre-la-fauna-silvestre-i-el-bestiar-bovi-del-pais-basc\/","og_locale":"ca_ES","og_type":"article","og_title":"Quines s\u00f3n les possibles vies de transmissi\u00f3 de micobacteris entre la fauna silvestre i el bestiar bov\u00ed del Pa\u00eds Basc? &#187; Innotub","og_description":"Els micobacteris s\u00f3n els bacteris causants de dues malalties d'especial rellev\u00e0ncia en...","og_url":"https:\/\/innotub.eu\/ca\/quines-son-les-possibles-vies-de-transmissio-de-micobacteris-entre-la-fauna-silvestre-i-el-bestiar-bovi-del-pais-basc\/","og_site_name":"Innotub","article_published_time":"2021-11-08T14:03:40+00:00","article_modified_time":"2022-01-13T14:57:17+00:00","og_image":[{"width":1070,"height":681,"url":"https:\/\/innotub.eu\/wp-content\/uploads\/2021\/11\/tejon-e1636380420121.jpg","type":"image\/jpeg"}],"author":"Innotub","twitter_card":"summary_large_image","twitter_creator":"@innotub","twitter_site":"@innotub","twitter_misc":{"Escrit per":"Innotub","Temps estimat de lectura":"2 minuts"},"schema":{"@context":"https:\/\/schema.org","@graph":[{"@type":"Article","@id":"https:\/\/innotub.eu\/ca\/quines-son-les-possibles-vies-de-transmissio-de-micobacteris-entre-la-fauna-silvestre-i-el-bestiar-bovi-del-pais-basc\/#article","isPartOf":{"@id":"https:\/\/innotub.eu\/ca\/quines-son-les-possibles-vies-de-transmissio-de-micobacteris-entre-la-fauna-silvestre-i-el-bestiar-bovi-del-pais-basc\/"},"author":{"name":"Innotub","@id":"https:\/\/innotub.eu\/ca\/#\/schema\/person\/9a831378d34771b4070b071f2fbf3f81"},"headline":"Quines s\u00f3n les possibles vies de transmissi\u00f3 de micobacteris entre la fauna silvestre i el bestiar bov\u00ed del Pa\u00eds Basc?","datePublished":"2021-11-08T14:03:40+00:00","dateModified":"2022-01-13T14:57:17+00:00","mainEntityOfPage":{"@id":"https:\/\/innotub.eu\/ca\/quines-son-les-possibles-vies-de-transmissio-de-micobacteris-entre-la-fauna-silvestre-i-el-bestiar-bovi-del-pais-basc\/"},"wordCount":368,"commentCount":0,"publisher":{"@id":"https:\/\/innotub.eu\/ca\/#organization"},"image":{"@id":"https:\/\/innotub.eu\/ca\/quines-son-les-possibles-vies-de-transmissio-de-micobacteris-entre-la-fauna-silvestre-i-el-bestiar-bovi-del-pais-basc\/#primaryimage"},"thumbnailUrl":"https:\/\/innotub.eu\/wp-content\/uploads\/2021\/11\/tejon-e1636380420121.jpg","keywords":["epidemiologia","fauna silvestre","micobacteris","Tuberculosi bovina"],"articleSection":["RECERCA"],"inLanguage":"ca","potentialAction":[{"@type":"CommentAction","name":"Comment","target":["https:\/\/innotub.eu\/ca\/quines-son-les-possibles-vies-de-transmissio-de-micobacteris-entre-la-fauna-silvestre-i-el-bestiar-bovi-del-pais-basc\/#respond"]}]},{"@type":"WebPage","@id":"https:\/\/innotub.eu\/ca\/quines-son-les-possibles-vies-de-transmissio-de-micobacteris-entre-la-fauna-silvestre-i-el-bestiar-bovi-del-pais-basc\/","url":"https:\/\/innotub.eu\/ca\/quines-son-les-possibles-vies-de-transmissio-de-micobacteris-entre-la-fauna-silvestre-i-el-bestiar-bovi-del-pais-basc\/","name":"Quines s\u00f3n les possibles vies de transmissi\u00f3 de micobacteris entre la fauna silvestre i el bestiar bov\u00ed del Pa\u00eds Basc? &#187; Innotub","isPartOf":{"@id":"https:\/\/innotub.eu\/ca\/#website"},"primaryImageOfPage":{"@id":"https:\/\/innotub.eu\/ca\/quines-son-les-possibles-vies-de-transmissio-de-micobacteris-entre-la-fauna-silvestre-i-el-bestiar-bovi-del-pais-basc\/#primaryimage"},"image":{"@id":"https:\/\/innotub.eu\/ca\/quines-son-les-possibles-vies-de-transmissio-de-micobacteris-entre-la-fauna-silvestre-i-el-bestiar-bovi-del-pais-basc\/#primaryimage"},"thumbnailUrl":"https:\/\/innotub.eu\/wp-content\/uploads\/2021\/11\/tejon-e1636380420121.jpg","datePublished":"2021-11-08T14:03:40+00:00","dateModified":"2022-01-13T14:57:17+00:00","breadcrumb":{"@id":"https:\/\/innotub.eu\/ca\/quines-son-les-possibles-vies-de-transmissio-de-micobacteris-entre-la-fauna-silvestre-i-el-bestiar-bovi-del-pais-basc\/#breadcrumb"},"inLanguage":"ca","potentialAction":[{"@type":"ReadAction","target":["https:\/\/innotub.eu\/ca\/quines-son-les-possibles-vies-de-transmissio-de-micobacteris-entre-la-fauna-silvestre-i-el-bestiar-bovi-del-pais-basc\/"]}]},{"@type":"ImageObject","inLanguage":"ca","@id":"https:\/\/innotub.eu\/ca\/quines-son-les-possibles-vies-de-transmissio-de-micobacteris-entre-la-fauna-silvestre-i-el-bestiar-bovi-del-pais-basc\/#primaryimage","url":"https:\/\/innotub.eu\/wp-content\/uploads\/2021\/11\/tejon-e1636380420121.jpg","contentUrl":"https:\/\/innotub.eu\/wp-content\/uploads\/2021\/11\/tejon-e1636380420121.jpg","width":1070,"height":681},{"@type":"BreadcrumbList","@id":"https:\/\/innotub.eu\/ca\/quines-son-les-possibles-vies-de-transmissio-de-micobacteris-entre-la-fauna-silvestre-i-el-bestiar-bovi-del-pais-basc\/#breadcrumb","itemListElement":[{"@type":"ListItem","position":1,"name":"Inici","item":"https:\/\/innotub.eu\/ca\/"},{"@type":"ListItem","position":2,"name":"Quines s\u00f3n les possibles vies de transmissi\u00f3 de micobacteris entre la fauna silvestre i el bestiar bov\u00ed del Pa\u00eds Basc?"}]},{"@type":"WebSite","@id":"https:\/\/innotub.eu\/ca\/#website","url":"https:\/\/innotub.eu\/ca\/","name":"Innotub","description":"Crear una xarxa cient\u00edfica d&#039;excel\u00b7l\u00e8ncia","publisher":{"@id":"https:\/\/innotub.eu\/ca\/#organization"},"potentialAction":[{"@type":"SearchAction","target":{"@type":"EntryPoint","urlTemplate":"https:\/\/innotub.eu\/ca\/?s={search_term_string}"},"query-input":{"@type":"PropertyValueSpecification","valueRequired":true,"valueName":"search_term_string"}}],"inLanguage":"ca"},{"@type":"Organization","@id":"https:\/\/innotub.eu\/ca\/#organization","name":"Innotub","url":"https:\/\/innotub.eu\/ca\/","logo":{"@type":"ImageObject","inLanguage":"ca","@id":"https:\/\/innotub.eu\/ca\/#\/schema\/logo\/image\/","url":"https:\/\/innotub.eu\/wp-content\/uploads\/2020\/08\/innotub-logo-COLOR.png","contentUrl":"https:\/\/innotub.eu\/wp-content\/uploads\/2020\/08\/innotub-logo-COLOR.png","width":7453,"height":1672,"caption":"Innotub"},"image":{"@id":"https:\/\/innotub.eu\/ca\/#\/schema\/logo\/image\/"},"sameAs":["https:\/\/x.com\/innotub"]},{"@type":"Person","@id":"https:\/\/innotub.eu\/ca\/#\/schema\/person\/9a831378d34771b4070b071f2fbf3f81","name":"Innotub","image":{"@type":"ImageObject","inLanguage":"ca","@id":"https:\/\/secure.gravatar.com\/avatar\/2d7ea506878ae149be092b9d9c0b8be475d27402e23b1fb189892b188b8ef2f6?s=96&d=mm&r=g","url":"https:\/\/secure.gravatar.com\/avatar\/2d7ea506878ae149be092b9d9c0b8be475d27402e23b1fb189892b188b8ef2f6?s=96&d=mm&r=g","contentUrl":"https:\/\/secure.gravatar.com\/avatar\/2d7ea506878ae149be092b9d9c0b8be475d27402e23b1fb189892b188b8ef2f6?s=96&d=mm&r=g","caption":"Innotub"}}]}},"_links":{"self":[{"href":"https:\/\/innotub.eu\/ca\/wp-json\/wp\/v2\/posts\/1318","targetHints":{"allow":["GET"]}}],"collection":[{"href":"https:\/\/innotub.eu\/ca\/wp-json\/wp\/v2\/posts"}],"about":[{"href":"https:\/\/innotub.eu\/ca\/wp-json\/wp\/v2\/types\/post"}],"author":[{"embeddable":true,"href":"https:\/\/innotub.eu\/ca\/wp-json\/wp\/v2\/users\/4"}],"replies":[{"embeddable":true,"href":"https:\/\/innotub.eu\/ca\/wp-json\/wp\/v2\/comments?post=1318"}],"version-history":[{"count":2,"href":"https:\/\/innotub.eu\/ca\/wp-json\/wp\/v2\/posts\/1318\/revisions"}],"predecessor-version":[{"id":1336,"href":"https:\/\/innotub.eu\/ca\/wp-json\/wp\/v2\/posts\/1318\/revisions\/1336"}],"wp:featuredmedia":[{"embeddable":true,"href":"https:\/\/innotub.eu\/ca\/wp-json\/wp\/v2\/media\/1320"}],"wp:attachment":[{"href":"https:\/\/innotub.eu\/ca\/wp-json\/wp\/v2\/media?parent=1318"}],"wp:term":[{"taxonomy":"category","embeddable":true,"href":"https:\/\/innotub.eu\/ca\/wp-json\/wp\/v2\/categories?post=1318"},{"taxonomy":"post_tag","embeddable":true,"href":"https:\/\/innotub.eu\/ca\/wp-json\/wp\/v2\/tags?post=1318"}],"curies":[{"name":"wp","href":"https:\/\/api.w.org\/{rel}","templated":true}]}}