{"id":1654,"date":"2022-01-19T09:01:59","date_gmt":"2022-01-19T09:01:59","guid":{"rendered":"https:\/\/innotub.eu\/nous-etudions-la-tuberculose-des-campagnols\/"},"modified":"2022-01-19T09:20:35","modified_gmt":"2022-01-19T09:20:35","slug":"nous-etudions-la-tuberculose-des-campagnols","status":"publish","type":"post","link":"https:\/\/innotub.eu\/fr\/nous-etudions-la-tuberculose-des-campagnols\/","title":{"rendered":"Nous \u00e9tudions la tuberculose des campagnols"},"content":{"rendered":"\n<p><p>Certains rongeurs sauvages, tels que les campagnols, peuvent provoquer la tuberculose, principalement caus\u00e9e par la bact\u00e9rie <em>Mycobacterium microt<\/em>i, et peuvent \u00e9ventuellement propager l'infection \u00e0 d'autres esp\u00e8ces de mammif\u00e8res, sauvages et domestiques. L'un des objectifs du r\u00e9seau <a href=\"https:\/\/innotub.eu\/fr\/\">Innotub<\/a> est d'\u00e9tudier le r\u00f4le que peuvent jouer les rongeurs dans l'\u00e9pid\u00e9miologie de la tuberculose et, pour cette raison, une infection exp\u00e9rimentale a \u00e9t\u00e9 envisag\u00e9e chez des animaux de laboratoire, plus pr\u00e9cis\u00e9ment chez la campagnol des bois (<em>Myodes glareolus<\/em>), avec la souche pyr\u00e9n\u00e9enne de <em>M. microt<\/em>i (isol\u00e9e dans le sud de la France).<\/p><\/p>\n\n<p><p>Cette \u00e9tude, financ\u00e9e par le programme Interreg-POCTEFA (EFA357\/19\/INNOTUB) et le FEDER, a \u00e9t\u00e9 r\u00e9alis\u00e9e dans les installations de l'<a href=\"https:\/\/www.irta.cat\/ca\/produccio-animal\/sanitat-animal\/\">IRTA-CReSA<\/a>\u00a0 en collaboration avec\u00a0l'<a href=\"https:\/\/www.anses.fr\/en\/content\/laboratory-animal-health-maisons-alfort-and-dozul%C3%A9-sites\">Anses<\/a> et avec des animaux des laboratoires install\u00e9s \u00e0 l'<em>Istituto Superiore di Sanit\u00e0<\/em> (Rome , Italie). L'\u00e9tude, r\u00e9cemment <a href=\"https:\/\/www.mdpi.com\/2076-2607\/10\/1\/135\/htm\">publi\u00e9e dans la revue scientifique <em>Microorganisms<\/em><\/a>, a \u00e9t\u00e9 utilis\u00e9e pour d\u00e9crire la pathologie induite par <em>M. microti<\/em> chez les grains de beaut\u00e9 infect\u00e9s par deux voies diff\u00e9rentes (intragastrique et intrap\u00e9riton\u00e9ale) et \u00e0 diff\u00e9rentes doses. La progression de l'infection \u00e0 diff\u00e9rents stades apr\u00e8s la provocation exp\u00e9rimentale a \u00e9galement \u00e9t\u00e9 caract\u00e9ris\u00e9e. Enfin, des signes de transmission ont \u00e9t\u00e9 identifi\u00e9s entre des animaux infect\u00e9s exp\u00e9rimentalement et des animaux t\u00e9moins non infect\u00e9s en contact avec ceux-ci.<\/p><\/p>\n\n<p><p>Les r\u00e9sultats confirment la sensibilit\u00e9 des campagnols \u00e0 l'infection par M. microti, indiquent une tendance de l'infection \u00e0 progresser vers une g\u00e9n\u00e9ralisation de celle-ci, et sugg\u00e8rent la capacit\u00e9 des campagnols \u00e0 maintenir l'infection dans leur population et \u00e0 la transmettre \u00e0 d'autres esp\u00e8ces, soit directement ou indirectement.<\/p><\/p>\n","protected":false},"excerpt":{"rendered":"<p>Certains rongeurs sauvages, tels que les campagnols, peuvent provoquer la tuberculose, principalement...<\/p>\n","protected":false},"author":5,"featured_media":1647,"comment_status":"open","ping_status":"open","sticky":false,"template":"","format":"standard","meta":{"footnotes":""},"categories":[59],"tags":[174,128,146],"class_list":["post-1654","post","type-post","status-publish","format-standard","has-post-thumbnail","hentry","category-recherche","tag-campagnols","tag-mycobacterium-microti-fr","tag-tuberculose"],"yoast_head":"<!-- This site is optimized with the Yoast SEO plugin v27.5 - https:\/\/yoast.com\/product\/yoast-seo-wordpress\/ -->\n<title>Nous \u00e9tudions la tuberculose des campagnols &#187; Innotub<\/title>\n<meta name=\"robots\" content=\"index, follow, max-snippet:-1, max-image-preview:large, max-video-preview:-1\" \/>\n<link rel=\"canonical\" href=\"https:\/\/innotub.eu\/fr\/nous-etudions-la-tuberculose-des-campagnols\/\" \/>\n<meta property=\"og:locale\" content=\"fr_FR\" \/>\n<meta property=\"og:type\" content=\"article\" \/>\n<meta property=\"og:title\" content=\"Nous \u00e9tudions la tuberculose des campagnols &#187; Innotub\" \/>\n<meta property=\"og:description\" content=\"Certains rongeurs sauvages, tels que les campagnols, peuvent provoquer la tuberculose, principalement...\" \/>\n<meta property=\"og:url\" content=\"https:\/\/innotub.eu\/fr\/nous-etudions-la-tuberculose-des-campagnols\/\" \/>\n<meta property=\"og:site_name\" content=\"Innotub\" \/>\n<meta property=\"article:published_time\" content=\"2022-01-19T09:01:59+00:00\" \/>\n<meta property=\"article:modified_time\" content=\"2022-01-19T09:20:35+00:00\" \/>\n<meta property=\"og:image\" content=\"https:\/\/innotub.eu\/wp-content\/uploads\/2022\/01\/mglareolus-1.jpg\" \/>\n\t<meta property=\"og:image:width\" content=\"1023\" \/>\n\t<meta property=\"og:image:height\" content=\"689\" \/>\n\t<meta property=\"og:image:type\" content=\"image\/jpeg\" \/>\n<meta name=\"author\" content=\"irta\" \/>\n<meta name=\"twitter:card\" content=\"summary_large_image\" \/>\n<meta name=\"twitter:creator\" content=\"@innotub\" \/>\n<meta name=\"twitter:site\" content=\"@innotub\" \/>\n<meta name=\"twitter:label1\" content=\"\u00c9crit par\" \/>\n\t<meta name=\"twitter:data1\" content=\"irta\" \/>\n\t<meta name=\"twitter:label2\" content=\"Dur\u00e9e de lecture estim\u00e9e\" \/>\n\t<meta name=\"twitter:data2\" content=\"1 minute\" \/>\n<script type=\"application\/ld+json\" class=\"yoast-schema-graph\">{\"@context\":\"https:\\\/\\\/schema.org\",\"@graph\":[{\"@type\":\"Article\",\"@id\":\"https:\\\/\\\/innotub.eu\\\/fr\\\/nous-etudions-la-tuberculose-des-campagnols\\\/#article\",\"isPartOf\":{\"@id\":\"https:\\\/\\\/innotub.eu\\\/fr\\\/nous-etudions-la-tuberculose-des-campagnols\\\/\"},\"author\":{\"name\":\"irta\",\"@id\":\"https:\\\/\\\/innotub.eu\\\/fr\\\/#\\\/schema\\\/person\\\/5854322f0db3d7d87cd23cd7499b444a\"},\"headline\":\"Nous \u00e9tudions la tuberculose des campagnols\",\"datePublished\":\"2022-01-19T09:01:59+00:00\",\"dateModified\":\"2022-01-19T09:20:35+00:00\",\"mainEntityOfPage\":{\"@id\":\"https:\\\/\\\/innotub.eu\\\/fr\\\/nous-etudions-la-tuberculose-des-campagnols\\\/\"},\"wordCount\":290,\"commentCount\":0,\"publisher\":{\"@id\":\"https:\\\/\\\/innotub.eu\\\/fr\\\/#organization\"},\"image\":{\"@id\":\"https:\\\/\\\/innotub.eu\\\/fr\\\/nous-etudions-la-tuberculose-des-campagnols\\\/#primaryimage\"},\"thumbnailUrl\":\"https:\\\/\\\/innotub.eu\\\/wp-content\\\/uploads\\\/2022\\\/01\\\/mglareolus-1.jpg\",\"keywords\":[\"campagnols\",\"Mycobacterium microti\",\"tuberculose\"],\"articleSection\":[\"RECHERCHE\"],\"inLanguage\":\"fr-FR\",\"potentialAction\":[{\"@type\":\"CommentAction\",\"name\":\"Comment\",\"target\":[\"https:\\\/\\\/innotub.eu\\\/fr\\\/nous-etudions-la-tuberculose-des-campagnols\\\/#respond\"]}]},{\"@type\":\"WebPage\",\"@id\":\"https:\\\/\\\/innotub.eu\\\/fr\\\/nous-etudions-la-tuberculose-des-campagnols\\\/\",\"url\":\"https:\\\/\\\/innotub.eu\\\/fr\\\/nous-etudions-la-tuberculose-des-campagnols\\\/\",\"name\":\"Nous \u00e9tudions la tuberculose des campagnols &#187; Innotub\",\"isPartOf\":{\"@id\":\"https:\\\/\\\/innotub.eu\\\/fr\\\/#website\"},\"primaryImageOfPage\":{\"@id\":\"https:\\\/\\\/innotub.eu\\\/fr\\\/nous-etudions-la-tuberculose-des-campagnols\\\/#primaryimage\"},\"image\":{\"@id\":\"https:\\\/\\\/innotub.eu\\\/fr\\\/nous-etudions-la-tuberculose-des-campagnols\\\/#primaryimage\"},\"thumbnailUrl\":\"https:\\\/\\\/innotub.eu\\\/wp-content\\\/uploads\\\/2022\\\/01\\\/mglareolus-1.jpg\",\"datePublished\":\"2022-01-19T09:01:59+00:00\",\"dateModified\":\"2022-01-19T09:20:35+00:00\",\"breadcrumb\":{\"@id\":\"https:\\\/\\\/innotub.eu\\\/fr\\\/nous-etudions-la-tuberculose-des-campagnols\\\/#breadcrumb\"},\"inLanguage\":\"fr-FR\",\"potentialAction\":[{\"@type\":\"ReadAction\",\"target\":[\"https:\\\/\\\/innotub.eu\\\/fr\\\/nous-etudions-la-tuberculose-des-campagnols\\\/\"]}]},{\"@type\":\"ImageObject\",\"inLanguage\":\"fr-FR\",\"@id\":\"https:\\\/\\\/innotub.eu\\\/fr\\\/nous-etudions-la-tuberculose-des-campagnols\\\/#primaryimage\",\"url\":\"https:\\\/\\\/innotub.eu\\\/wp-content\\\/uploads\\\/2022\\\/01\\\/mglareolus-1.jpg\",\"contentUrl\":\"https:\\\/\\\/innotub.eu\\\/wp-content\\\/uploads\\\/2022\\\/01\\\/mglareolus-1.jpg\",\"width\":1023,\"height\":689},{\"@type\":\"BreadcrumbList\",\"@id\":\"https:\\\/\\\/innotub.eu\\\/fr\\\/nous-etudions-la-tuberculose-des-campagnols\\\/#breadcrumb\",\"itemListElement\":[{\"@type\":\"ListItem\",\"position\":1,\"name\":\"Inici\",\"item\":\"https:\\\/\\\/innotub.eu\\\/fr\\\/\"},{\"@type\":\"ListItem\",\"position\":2,\"name\":\"Nous \u00e9tudions la tuberculose des campagnols\"}]},{\"@type\":\"WebSite\",\"@id\":\"https:\\\/\\\/innotub.eu\\\/fr\\\/#website\",\"url\":\"https:\\\/\\\/innotub.eu\\\/fr\\\/\",\"name\":\"Innotub\",\"description\":\"Crear una xarxa cient\u00edfica d&#039;excel\u00b7l\u00e8ncia\",\"publisher\":{\"@id\":\"https:\\\/\\\/innotub.eu\\\/fr\\\/#organization\"},\"potentialAction\":[{\"@type\":\"SearchAction\",\"target\":{\"@type\":\"EntryPoint\",\"urlTemplate\":\"https:\\\/\\\/innotub.eu\\\/fr\\\/?s={search_term_string}\"},\"query-input\":{\"@type\":\"PropertyValueSpecification\",\"valueRequired\":true,\"valueName\":\"search_term_string\"}}],\"inLanguage\":\"fr-FR\"},{\"@type\":\"Organization\",\"@id\":\"https:\\\/\\\/innotub.eu\\\/fr\\\/#organization\",\"name\":\"Innotub\",\"url\":\"https:\\\/\\\/innotub.eu\\\/fr\\\/\",\"logo\":{\"@type\":\"ImageObject\",\"inLanguage\":\"fr-FR\",\"@id\":\"https:\\\/\\\/innotub.eu\\\/fr\\\/#\\\/schema\\\/logo\\\/image\\\/\",\"url\":\"https:\\\/\\\/innotub.eu\\\/wp-content\\\/uploads\\\/2020\\\/08\\\/innotub-logo-COLOR.png\",\"contentUrl\":\"https:\\\/\\\/innotub.eu\\\/wp-content\\\/uploads\\\/2020\\\/08\\\/innotub-logo-COLOR.png\",\"width\":7453,\"height\":1672,\"caption\":\"Innotub\"},\"image\":{\"@id\":\"https:\\\/\\\/innotub.eu\\\/fr\\\/#\\\/schema\\\/logo\\\/image\\\/\"},\"sameAs\":[\"https:\\\/\\\/x.com\\\/innotub\"]},{\"@type\":\"Person\",\"@id\":\"https:\\\/\\\/innotub.eu\\\/fr\\\/#\\\/schema\\\/person\\\/5854322f0db3d7d87cd23cd7499b444a\",\"name\":\"irta\",\"image\":{\"@type\":\"ImageObject\",\"inLanguage\":\"fr-FR\",\"@id\":\"https:\\\/\\\/secure.gravatar.com\\\/avatar\\\/4939e682b7d84ce004ae059675b30e17428699f264a760cd869e015c2e40eabd?s=96&d=mm&r=g\",\"url\":\"https:\\\/\\\/secure.gravatar.com\\\/avatar\\\/4939e682b7d84ce004ae059675b30e17428699f264a760cd869e015c2e40eabd?s=96&d=mm&r=g\",\"contentUrl\":\"https:\\\/\\\/secure.gravatar.com\\\/avatar\\\/4939e682b7d84ce004ae059675b30e17428699f264a760cd869e015c2e40eabd?s=96&d=mm&r=g\",\"caption\":\"irta\"}}]}<\/script>\n<!-- \/ Yoast SEO plugin. -->","yoast_head_json":{"title":"Nous \u00e9tudions la tuberculose des campagnols &#187; Innotub","robots":{"index":"index","follow":"follow","max-snippet":"max-snippet:-1","max-image-preview":"max-image-preview:large","max-video-preview":"max-video-preview:-1"},"canonical":"https:\/\/innotub.eu\/fr\/nous-etudions-la-tuberculose-des-campagnols\/","og_locale":"fr_FR","og_type":"article","og_title":"Nous \u00e9tudions la tuberculose des campagnols &#187; Innotub","og_description":"Certains rongeurs sauvages, tels que les campagnols, peuvent provoquer la tuberculose, principalement...","og_url":"https:\/\/innotub.eu\/fr\/nous-etudions-la-tuberculose-des-campagnols\/","og_site_name":"Innotub","article_published_time":"2022-01-19T09:01:59+00:00","article_modified_time":"2022-01-19T09:20:35+00:00","og_image":[{"width":1023,"height":689,"url":"https:\/\/innotub.eu\/wp-content\/uploads\/2022\/01\/mglareolus-1.jpg","type":"image\/jpeg"}],"author":"irta","twitter_card":"summary_large_image","twitter_creator":"@innotub","twitter_site":"@innotub","twitter_misc":{"\u00c9crit par":"irta","Dur\u00e9e de lecture estim\u00e9e":"1 minute"},"schema":{"@context":"https:\/\/schema.org","@graph":[{"@type":"Article","@id":"https:\/\/innotub.eu\/fr\/nous-etudions-la-tuberculose-des-campagnols\/#article","isPartOf":{"@id":"https:\/\/innotub.eu\/fr\/nous-etudions-la-tuberculose-des-campagnols\/"},"author":{"name":"irta","@id":"https:\/\/innotub.eu\/fr\/#\/schema\/person\/5854322f0db3d7d87cd23cd7499b444a"},"headline":"Nous \u00e9tudions la tuberculose des campagnols","datePublished":"2022-01-19T09:01:59+00:00","dateModified":"2022-01-19T09:20:35+00:00","mainEntityOfPage":{"@id":"https:\/\/innotub.eu\/fr\/nous-etudions-la-tuberculose-des-campagnols\/"},"wordCount":290,"commentCount":0,"publisher":{"@id":"https:\/\/innotub.eu\/fr\/#organization"},"image":{"@id":"https:\/\/innotub.eu\/fr\/nous-etudions-la-tuberculose-des-campagnols\/#primaryimage"},"thumbnailUrl":"https:\/\/innotub.eu\/wp-content\/uploads\/2022\/01\/mglareolus-1.jpg","keywords":["campagnols","Mycobacterium microti","tuberculose"],"articleSection":["RECHERCHE"],"inLanguage":"fr-FR","potentialAction":[{"@type":"CommentAction","name":"Comment","target":["https:\/\/innotub.eu\/fr\/nous-etudions-la-tuberculose-des-campagnols\/#respond"]}]},{"@type":"WebPage","@id":"https:\/\/innotub.eu\/fr\/nous-etudions-la-tuberculose-des-campagnols\/","url":"https:\/\/innotub.eu\/fr\/nous-etudions-la-tuberculose-des-campagnols\/","name":"Nous \u00e9tudions la tuberculose des campagnols &#187; Innotub","isPartOf":{"@id":"https:\/\/innotub.eu\/fr\/#website"},"primaryImageOfPage":{"@id":"https:\/\/innotub.eu\/fr\/nous-etudions-la-tuberculose-des-campagnols\/#primaryimage"},"image":{"@id":"https:\/\/innotub.eu\/fr\/nous-etudions-la-tuberculose-des-campagnols\/#primaryimage"},"thumbnailUrl":"https:\/\/innotub.eu\/wp-content\/uploads\/2022\/01\/mglareolus-1.jpg","datePublished":"2022-01-19T09:01:59+00:00","dateModified":"2022-01-19T09:20:35+00:00","breadcrumb":{"@id":"https:\/\/innotub.eu\/fr\/nous-etudions-la-tuberculose-des-campagnols\/#breadcrumb"},"inLanguage":"fr-FR","potentialAction":[{"@type":"ReadAction","target":["https:\/\/innotub.eu\/fr\/nous-etudions-la-tuberculose-des-campagnols\/"]}]},{"@type":"ImageObject","inLanguage":"fr-FR","@id":"https:\/\/innotub.eu\/fr\/nous-etudions-la-tuberculose-des-campagnols\/#primaryimage","url":"https:\/\/innotub.eu\/wp-content\/uploads\/2022\/01\/mglareolus-1.jpg","contentUrl":"https:\/\/innotub.eu\/wp-content\/uploads\/2022\/01\/mglareolus-1.jpg","width":1023,"height":689},{"@type":"BreadcrumbList","@id":"https:\/\/innotub.eu\/fr\/nous-etudions-la-tuberculose-des-campagnols\/#breadcrumb","itemListElement":[{"@type":"ListItem","position":1,"name":"Inici","item":"https:\/\/innotub.eu\/fr\/"},{"@type":"ListItem","position":2,"name":"Nous \u00e9tudions la tuberculose des campagnols"}]},{"@type":"WebSite","@id":"https:\/\/innotub.eu\/fr\/#website","url":"https:\/\/innotub.eu\/fr\/","name":"Innotub","description":"Crear una xarxa cient\u00edfica d&#039;excel\u00b7l\u00e8ncia","publisher":{"@id":"https:\/\/innotub.eu\/fr\/#organization"},"potentialAction":[{"@type":"SearchAction","target":{"@type":"EntryPoint","urlTemplate":"https:\/\/innotub.eu\/fr\/?s={search_term_string}"},"query-input":{"@type":"PropertyValueSpecification","valueRequired":true,"valueName":"search_term_string"}}],"inLanguage":"fr-FR"},{"@type":"Organization","@id":"https:\/\/innotub.eu\/fr\/#organization","name":"Innotub","url":"https:\/\/innotub.eu\/fr\/","logo":{"@type":"ImageObject","inLanguage":"fr-FR","@id":"https:\/\/innotub.eu\/fr\/#\/schema\/logo\/image\/","url":"https:\/\/innotub.eu\/wp-content\/uploads\/2020\/08\/innotub-logo-COLOR.png","contentUrl":"https:\/\/innotub.eu\/wp-content\/uploads\/2020\/08\/innotub-logo-COLOR.png","width":7453,"height":1672,"caption":"Innotub"},"image":{"@id":"https:\/\/innotub.eu\/fr\/#\/schema\/logo\/image\/"},"sameAs":["https:\/\/x.com\/innotub"]},{"@type":"Person","@id":"https:\/\/innotub.eu\/fr\/#\/schema\/person\/5854322f0db3d7d87cd23cd7499b444a","name":"irta","image":{"@type":"ImageObject","inLanguage":"fr-FR","@id":"https:\/\/secure.gravatar.com\/avatar\/4939e682b7d84ce004ae059675b30e17428699f264a760cd869e015c2e40eabd?s=96&d=mm&r=g","url":"https:\/\/secure.gravatar.com\/avatar\/4939e682b7d84ce004ae059675b30e17428699f264a760cd869e015c2e40eabd?s=96&d=mm&r=g","contentUrl":"https:\/\/secure.gravatar.com\/avatar\/4939e682b7d84ce004ae059675b30e17428699f264a760cd869e015c2e40eabd?s=96&d=mm&r=g","caption":"irta"}}]}},"_links":{"self":[{"href":"https:\/\/innotub.eu\/fr\/wp-json\/wp\/v2\/posts\/1654","targetHints":{"allow":["GET"]}}],"collection":[{"href":"https:\/\/innotub.eu\/fr\/wp-json\/wp\/v2\/posts"}],"about":[{"href":"https:\/\/innotub.eu\/fr\/wp-json\/wp\/v2\/types\/post"}],"author":[{"embeddable":true,"href":"https:\/\/innotub.eu\/fr\/wp-json\/wp\/v2\/users\/5"}],"replies":[{"embeddable":true,"href":"https:\/\/innotub.eu\/fr\/wp-json\/wp\/v2\/comments?post=1654"}],"version-history":[{"count":1,"href":"https:\/\/innotub.eu\/fr\/wp-json\/wp\/v2\/posts\/1654\/revisions"}],"predecessor-version":[{"id":1655,"href":"https:\/\/innotub.eu\/fr\/wp-json\/wp\/v2\/posts\/1654\/revisions\/1655"}],"wp:featuredmedia":[{"embeddable":true,"href":"https:\/\/innotub.eu\/fr\/wp-json\/wp\/v2\/media\/1647"}],"wp:attachment":[{"href":"https:\/\/innotub.eu\/fr\/wp-json\/wp\/v2\/media?parent=1654"}],"wp:term":[{"taxonomy":"category","embeddable":true,"href":"https:\/\/innotub.eu\/fr\/wp-json\/wp\/v2\/categories?post=1654"},{"taxonomy":"post_tag","embeddable":true,"href":"https:\/\/innotub.eu\/fr\/wp-json\/wp\/v2\/tags?post=1654"}],"curies":[{"name":"wp","href":"https:\/\/api.w.org\/{rel}","templated":true}]}}